{"id":13248,"date":"2026-03-16T08:55:16","date_gmt":"2026-03-16T08:55:16","guid":{"rendered":"https:\/\/studium-und-dann.com\/?p=13248"},"modified":"2026-03-18T17:08:40","modified_gmt":"2026-03-18T17:08:40","slug":"gross-und-klein-fuer-nachhaltigkeit-begeistern-larissa-weber-ueber-ihre-arbeit-als-umweltwissenschaftlerin-bei-der-arboretum-foundation","status":"publish","type":"post","link":"https:\/\/studium-und-dann.com\/?p=13248","title":{"rendered":"Gro\u00df und klein f\u00fcr Nachhaltigkeit begeistern: Larissa Weber \u00fcber ihre Arbeit als Umweltwissenschaftlerin bei der Arboretum Foundation"},"content":{"rendered":"\n<figure class=\"wp-block-audio\"><audio controls src=\"https:\/\/studium-und-dann.com\/wp-content\/uploads\/2026\/01\/Folge-06-Larissa-Weber.mp3\"><\/audio><\/figure>\n\n\n\n<p style=\"font-size:26px;font-style:normal;font-weight:600\">In dieser Folge sprechen wir mit Larissa Weber dar\u00fcber, wie sie zu ihrem heutigen Job als Umweltwissenschaftlerin bei der Arboretum Foundation gekommen ist &#8211; einer gemeinn\u00fctzigen Organisation, die sich der Aufforstung und dem Schutz des Waldes verschrieben hat. Ausf\u00fchrlich berichtet sie von ihrem beruflichen Projekt \u00bbDeutschlands Schulen forsten auf\u00ab, in dessen Rahmen sie Sch\u00fcler*innen n\u00e4her an das Thema Wald heran f\u00fchrt und B\u00e4ume mit ihren pflanzt. Au\u00dferdem erz\u00e4hlt sie von ihrem Bachelorstudium in Umweltwissenschaften an der Leuphana und wie sie schon zu Unizeiten begonnen hat, sich eingehend mit dem Naturschutz zu besch\u00e4ftigen.<\/p>\n\n\n\n<div class=\"wp-block-media-text alignwide has-media-on-the-right is-stacked-on-mobile is-vertically-aligned-top fullwidth-inhalt has-black-color has-text-color has-background has-link-color wp-elements-8a3259b51a0d7559c0d4068a63996071\" style=\"background-color:#fbbc43;grid-template-columns:auto 35%\"><div class=\"wp-block-media-text__content\">\n<h3 class=\"wp-block-heading has-black-color has-text-color has-link-color wp-elements-9f2b9233580fead18c5a5abf5114095d\">Larissa \u00fcber ihre Arbeit bei der Arboretum Foundation <\/h3>\n\n\n\n<p class=\"has-black-color has-text-color has-link-color has-medium-font-size wp-elements-4204ed170c3d76a425f561e268a073f8\">\u00bbNachhaltigkeit und Umweltbewusstsein ist ein Thema, was mir sehr am Herzen liegt und das dann auf so direkte Art und Weise zu Kindern und Jugendlichen oder auch zu Erwachsenen bringen zu k\u00f6nnen, ja, darin sehe ich einfach einen gro\u00dfen Sinn und das treibt mich schon an in der Arbeit.\u00ab<\/p>\n<\/div><figure class=\"wp-block-media-text__media\"><img loading=\"lazy\" decoding=\"async\" width=\"1170\" height=\"1170\" src=\"https:\/\/studium-und-dann.com\/wp-content\/uploads\/2025\/08\/Episode-dunkel-1170x1170.jpg\" alt=\"Bild zur Episode, worauf das Logo der Leuphana-Universit\u00e4t und das Logo des Podcasts (&amp;-Zeichen, welches \u00fcber eine Linie mit einem Papierflieger verbunden ist) zu sehen sind. \" class=\"wp-image-364 size-full\" srcset=\"https:\/\/studium-und-dann.com\/wp-content\/uploads\/2025\/08\/Episode-dunkel-1170x1170.jpg 1170w, https:\/\/studium-und-dann.com\/wp-content\/uploads\/2025\/08\/Episode-dunkel-770x770.jpg 770w, https:\/\/studium-und-dann.com\/wp-content\/uploads\/2025\/08\/Episode-dunkel-150x150.jpg 150w, https:\/\/studium-und-dann.com\/wp-content\/uploads\/2025\/08\/Episode-dunkel-768x768.jpg 768w, https:\/\/studium-und-dann.com\/wp-content\/uploads\/2025\/08\/Episode-dunkel-1536x1536.jpg 1536w, https:\/\/studium-und-dann.com\/wp-content\/uploads\/2025\/08\/Episode-dunkel-2048x2048.jpg 2048w, https:\/\/studium-und-dann.com\/wp-content\/uploads\/2025\/08\/Episode-dunkel-100x100.jpg 100w, https:\/\/studium-und-dann.com\/wp-content\/uploads\/2025\/08\/Episode-dunkel-370x370.jpg 370w\" sizes=\"auto, (max-width: 1170px) 100vw, 1170px\" \/><\/figure><\/div>\n\n\n\n<ul class=\"wp-block-outermost-social-sharing alignright has-small-icon-size has-icon-color is-style-logos-only is-content-justification-center is-layout-flex wp-container-outermost-social-sharing-is-layout-16018d1d wp-block-outermost-social-sharing-is-layout-flex\"><li style=\"color: #228597; \" class=\"outermost-social-sharing-link outermost-social-sharing-link-facebook  wp-block-outermost-social-sharing-link\">\n\t<a href=\"https:\/\/www.facebook.com\/sharer\/sharer.php?u=https%3A%2F%2Fstudium-und-dann.com%2F%3Fp%3D13248&#038;title=Gro%C3%9F%20und%20klein%20f%C3%BCr%20Nachhaltigkeit%20begeistern%3A%20Larissa%20Weber%20%C3%BCber%20ihre%20Arbeit%20als%20Umweltwissenschaftlerin%20bei%20der%20Arboretum%20Foundation\" aria-label=\"Share on Facebook\" rel=\"noopener nofollow\" target=\"_blank\" class=\"wp-block-outermost-social-sharing-link-anchor\">\n\t\t<svg width=\"24\" height=\"24\" viewBox=\"0 0 24 24\" version=\"1.1\" xmlns=\"http:\/\/www.w3.org\/2000\/svg\" aria-hidden=\"true\" focusable=\"false\"><path d=\"M12 2C6.5 2 2 6.5 2 12c0 5 3.7 9.1 8.4 9.9v-7H7.9V12h2.5V9.8c0-2.5 1.5-3.9 3.8-3.9 1.1 0 2.2.2 2.2.2v2.5h-1.3c-1.2 0-1.6.8-1.6 1.6V12h2.8l-.4 2.9h-2.3v7C18.3 21.1 22 17 22 12c0-5.5-4.5-10-10-10z\"><\/path><\/svg>\t\t<span class=\"wp-block-outermost-social-sharing-link-label screen-reader-text\">\n\t\t\tShare on Facebook\t\t<\/span>\n\t<\/a>\n<\/li>\n\n\n<li style=\"color: #228597; \" class=\"outermost-social-sharing-link outermost-social-sharing-link-linkedin  wp-block-outermost-social-sharing-link\">\n\t<a href=\"https:\/\/www.linkedin.com\/shareArticle?mini=true&#038;url=https%3A%2F%2Fstudium-und-dann.com%2F%3Fp%3D13248&#038;title=Gro%C3%9F%20und%20klein%20f%C3%BCr%20Nachhaltigkeit%20begeistern%3A%20Larissa%20Weber%20%C3%BCber%20ihre%20Arbeit%20als%20Umweltwissenschaftlerin%20bei%20der%20Arboretum%20Foundation\" aria-label=\"Share on LinkedIn\" rel=\"noopener nofollow\" target=\"_blank\" class=\"wp-block-outermost-social-sharing-link-anchor\">\n\t\t<svg width=\"24\" height=\"24\" viewBox=\"0 0 24 24\" version=\"1.1\" xmlns=\"http:\/\/www.w3.org\/2000\/svg\" aria-hidden=\"true\" focusable=\"false\"><path d=\"M19.7,3H4.3C3.582,3,3,3.582,3,4.3v15.4C3,20.418,3.582,21,4.3,21h15.4c0.718,0,1.3-0.582,1.3-1.3V4.3 C21,3.582,20.418,3,19.7,3z M8.339,18.338H5.667v-8.59h2.672V18.338z M7.004,8.574c-0.857,0-1.549-0.694-1.549-1.548 c0-0.855,0.691-1.548,1.549-1.548c0.854,0,1.547,0.694,1.547,1.548C8.551,7.881,7.858,8.574,7.004,8.574z M18.339,18.338h-2.669 v-4.177c0-0.996-0.017-2.278-1.387-2.278c-1.389,0-1.601,1.086-1.601,2.206v4.249h-2.667v-8.59h2.559v1.174h0.037 c0.356-0.675,1.227-1.387,2.526-1.387c2.703,0,3.203,1.779,3.203,4.092V18.338z\"><\/path><\/svg>\t\t<span class=\"wp-block-outermost-social-sharing-link-label screen-reader-text\">\n\t\t\tShare on LinkedIn\t\t<\/span>\n\t<\/a>\n<\/li>\n\n\n<li style=\"color: #228597; \" class=\"outermost-social-sharing-link outermost-social-sharing-link-mail  share-clean wp-block-outermost-social-sharing-link\">\n\t<a href=\"mailto:?subject=Gro%C3%9F%20und%20klein%20f%C3%BCr%20Nachhaltigkeit%20begeistern%3A%20Larissa%20Weber%20%C3%BCber%20ihre%20Arbeit%20als%20Umweltwissenschaftlerin%20bei%20der%20Arboretum%20Foundation&#038;body=Gro%C3%9F%20und%20klein%20f%C3%BCr%20Nachhaltigkeit%20begeistern%3A%20Larissa%20Weber%20%C3%BCber%20ihre%20Arbeit%20als%20Umweltwissenschaftlerin%20bei%20der%20Arboretum%20Foundation%20&mdash;%20https%3A%2F%2Fstudium-und-dann.com%2F%3Fp%3D13248\" aria-label=\"Email this Page\"  class=\"wp-block-outermost-social-sharing-link-anchor\">\n\t\t<svg width=\"24\" height=\"24\" viewBox=\"0 0 24 24\" version=\"1.1\" xmlns=\"http:\/\/www.w3.org\/2000\/svg\" aria-hidden=\"true\" focusable=\"false\"><path d=\"M20,4H4C2.895,4,2,4.895,2,6v12c0,1.105,0.895,2,2,2h16c1.105,0,2-0.895,2-2V6C22,4.895,21.105,4,20,4z M20,8.236l-8,4.882 L4,8.236V6h16V8.236z\"><\/path><\/svg>\t\t<span class=\"wp-block-outermost-social-sharing-link-label screen-reader-text\">\n\t\t\tEmail this Page\t\t<\/span>\n\t<\/a>\n<\/li>\n\n\n<li style=\"color: #228597; \" class=\"outermost-social-sharing-link outermost-social-sharing-link-whatsapp  wp-block-outermost-social-sharing-link\">\n\t<a href=\"https:\/\/api.whatsapp.com\/send?text=Gro%C3%9F%20und%20klein%20f%C3%BCr%20Nachhaltigkeit%20begeistern%3A%20Larissa%20Weber%20%C3%BCber%20ihre%20Arbeit%20als%20Umweltwissenschaftlerin%20bei%20der%20Arboretum%20Foundation%20&mdash;%20https%3A%2F%2Fstudium-und-dann.com%2F%3Fp%3D13248\" aria-label=\"Share on WhatsApp\" rel=\"noopener nofollow\" target=\"_blank\" class=\"wp-block-outermost-social-sharing-link-anchor\">\n\t\t<svg width=\"24\" height=\"24\" viewBox=\"0 0 24 24\" version=\"1.1\" xmlns=\"http:\/\/www.w3.org\/2000\/svg\" aria-hidden=\"true\" focusable=\"false\"><path d=\"M 12.011719 2 C 6.5057187 2 2.0234844 6.478375 2.0214844 11.984375 C 2.0204844 13.744375 2.4814687 15.462563 3.3554688 16.976562 L 2 22 L 7.2324219 20.763672 C 8.6914219 21.559672 10.333859 21.977516 12.005859 21.978516 L 12.009766 21.978516 C 17.514766 21.978516 21.995047 17.499141 21.998047 11.994141 C 22.000047 9.3251406 20.962172 6.8157344 19.076172 4.9277344 C 17.190172 3.0407344 14.683719 2.001 12.011719 2 z M 12.009766 4 C 14.145766 4.001 16.153109 4.8337969 17.662109 6.3417969 C 19.171109 7.8517969 20.000047 9.8581875 19.998047 11.992188 C 19.996047 16.396187 16.413812 19.978516 12.007812 19.978516 C 10.674812 19.977516 9.3544062 19.642812 8.1914062 19.007812 L 7.5175781 18.640625 L 6.7734375 18.816406 L 4.8046875 19.28125 L 5.2851562 17.496094 L 5.5019531 16.695312 L 5.0878906 15.976562 C 4.3898906 14.768562 4.0204844 13.387375 4.0214844 11.984375 C 4.0234844 7.582375 7.6067656 4 12.009766 4 z M 8.4765625 7.375 C 8.3095625 7.375 8.0395469 7.4375 7.8105469 7.6875 C 7.5815469 7.9365 6.9355469 8.5395781 6.9355469 9.7675781 C 6.9355469 10.995578 7.8300781 12.182609 7.9550781 12.349609 C 8.0790781 12.515609 9.68175 15.115234 12.21875 16.115234 C 14.32675 16.946234 14.754891 16.782234 15.212891 16.740234 C 15.670891 16.699234 16.690438 16.137687 16.898438 15.554688 C 17.106437 14.971687 17.106922 14.470187 17.044922 14.367188 C 16.982922 14.263188 16.816406 14.201172 16.566406 14.076172 C 16.317406 13.951172 15.090328 13.348625 14.861328 13.265625 C 14.632328 13.182625 14.464828 13.140625 14.298828 13.390625 C 14.132828 13.640625 13.655766 14.201187 13.509766 14.367188 C 13.363766 14.534188 13.21875 14.556641 12.96875 14.431641 C 12.71875 14.305641 11.914938 14.041406 10.960938 13.191406 C 10.218937 12.530406 9.7182656 11.714844 9.5722656 11.464844 C 9.4272656 11.215844 9.5585938 11.079078 9.6835938 10.955078 C 9.7955938 10.843078 9.9316406 10.663578 10.056641 10.517578 C 10.180641 10.371578 10.223641 10.267562 10.306641 10.101562 C 10.389641 9.9355625 10.347156 9.7890625 10.285156 9.6640625 C 10.223156 9.5390625 9.737625 8.3065 9.515625 7.8125 C 9.328625 7.3975 9.131125 7.3878594 8.953125 7.3808594 C 8.808125 7.3748594 8.6425625 7.375 8.4765625 7.375 z\"><\/path><\/svg>\t\t<span class=\"wp-block-outermost-social-sharing-link-label screen-reader-text\">\n\t\t\tShare on WhatsApp\t\t<\/span>\n\t<\/a>\n<\/li>\n\n\n<li style=\"color: #228597; \" class=\"outermost-social-sharing-link outermost-social-sharing-link-telegram  wp-block-outermost-social-sharing-link\">\n\t<a href=\"https:\/\/telegram.me\/share\/url?url=https%3A%2F%2Fstudium-und-dann.com%2F%3Fp%3D13248&#038;text=Gro%C3%9F%20und%20klein%20f%C3%BCr%20Nachhaltigkeit%20begeistern%3A%20Larissa%20Weber%20%C3%BCber%20ihre%20Arbeit%20als%20Umweltwissenschaftlerin%20bei%20der%20Arboretum%20Foundation\" aria-label=\"Share on Telegram\" rel=\"noopener nofollow\" target=\"_blank\" class=\"wp-block-outermost-social-sharing-link-anchor\">\n\t\t<svg width=\"24\" height=\"24\" viewBox=\"0 0 128 128\" version=\"1.1\" xmlns=\"http:\/\/www.w3.org\/2000\/svg\" aria-hidden=\"true\" focusable=\"false\"><path d=\"M28.97 63.324c18.657-8.128 31.098-13.487 37.323-16.076 17.774-7.393 21.467-8.677 23.874-8.72.53-.009 1.713.122 2.48.745.648.525.826 1.235.911 1.733.085.498.191 1.633.107 2.52-.963 10.12-5.13 34.677-7.25 46.012-.898 4.796-2.664 6.404-4.375 6.561-3.716.342-6.538-2.456-10.138-4.815-5.633-3.693-8.815-5.991-14.283-9.594-6.319-4.164-2.222-6.453 1.379-10.193.942-.98 17.318-15.874 17.634-17.225.04-.169.077-.799-.297-1.131-.375-.333-.927-.22-1.325-.129-.565.128-9.564 6.076-26.996 17.843-2.554 1.754-4.868 2.609-6.94 2.564-2.286-.05-6.681-1.292-9.95-2.354-4.007-1.303-7.193-1.992-6.915-4.205.144-1.152 1.731-2.33 4.761-3.536Z\"><\/path><\/svg>\t\t<span class=\"wp-block-outermost-social-sharing-link-label screen-reader-text\">\n\t\t\tShare on Telegram\t\t<\/span>\n\t<\/a>\n<\/li>\n<\/ul>\n\n\n\n<div style=\"height:12px\" aria-hidden=\"true\" class=\"wp-block-spacer\"><\/div>\n\n\n\n<h3 class=\"wp-block-heading\">Akademischer Werdegang<\/h3>\n\n\n\n<div style=\"height:24px\" aria-hidden=\"true\" class=\"wp-block-spacer\"><\/div>\n\n\n\n<div class=\"wp-block-group\"><div class=\"wp-block-group__inner-container is-layout-constrained wp-block-group-is-layout-constrained\">\n<div class=\"wp-block-media-text\" style=\"grid-template-columns:18% auto\"><figure class=\"wp-block-media-text__media\"><img loading=\"lazy\" decoding=\"async\" width=\"1080\" height=\"1080\" src=\"https:\/\/studium-und-dann.com\/wp-content\/uploads\/2026\/01\/Leuphana_Logo.png\" alt=\"Logo der Leuphana Universit\u00e4t L\u00fcneburg\" class=\"wp-image-13094 size-full\" srcset=\"https:\/\/studium-und-dann.com\/wp-content\/uploads\/2026\/01\/Leuphana_Logo.png 1080w, https:\/\/studium-und-dann.com\/wp-content\/uploads\/2026\/01\/Leuphana_Logo-770x770.png 770w, https:\/\/studium-und-dann.com\/wp-content\/uploads\/2026\/01\/Leuphana_Logo-150x150.png 150w, https:\/\/studium-und-dann.com\/wp-content\/uploads\/2026\/01\/Leuphana_Logo-768x768.png 768w, https:\/\/studium-und-dann.com\/wp-content\/uploads\/2026\/01\/Leuphana_Logo-100x100.png 100w, https:\/\/studium-und-dann.com\/wp-content\/uploads\/2026\/01\/Leuphana_Logo-370x370.png 370w\" sizes=\"auto, (max-width: 1080px) 100vw, 1080px\" \/><\/figure><div class=\"wp-block-media-text__content\">\n<p><strong>Umweltwissenschaften\/Psychology and Society,<\/strong> Leuphana Universit\u00e4t L\u00fcneburg<\/p>\n\n\n\n<p>B.A.\/2019-2023<\/p>\n<\/div><\/div>\n\n\n\n<div class=\"wp-block-separator has-text-color has-alpha-channel-opacity has-background edu-separator is-style-wide\" style=\"background-color:#228597;color:#228597\" id=\"edu-separator\"><\/div>\n<\/div><\/div>\n\n\n\n<div class=\"wp-block-group\"><div class=\"wp-block-group__inner-container is-layout-constrained wp-block-group-is-layout-constrained\">\n<div class=\"wp-block-media-text\" style=\"grid-template-columns:18% auto\"><figure class=\"wp-block-media-text__media\"><img loading=\"lazy\" decoding=\"async\" width=\"484\" height=\"484\" src=\"https:\/\/studium-und-dann.com\/wp-content\/uploads\/2026\/03\/Arboretum_Foundation.png\" alt=\"Logo der Arboretum Foundation\" class=\"wp-image-13251 size-full\" srcset=\"https:\/\/studium-und-dann.com\/wp-content\/uploads\/2026\/03\/Arboretum_Foundation.png 484w, https:\/\/studium-und-dann.com\/wp-content\/uploads\/2026\/03\/Arboretum_Foundation-150x150.png 150w, https:\/\/studium-und-dann.com\/wp-content\/uploads\/2026\/03\/Arboretum_Foundation-100x100.png 100w, https:\/\/studium-und-dann.com\/wp-content\/uploads\/2026\/03\/Arboretum_Foundation-370x370.png 370w\" sizes=\"auto, (max-width: 484px) 100vw, 484px\" \/><\/figure><div class=\"wp-block-media-text__content\">\n<p><strong>Umweltwissenschaftlerin<\/strong>, Arboretum Foundation <\/p>\n\n\n\n<p>Aufgaben im Job: Umweltbildungsprojekte und Tiny Forests planen, Pflanzaktionen organisieren, Spendengelder akquirieren, Presse- und Website-Texte verfassen, Kommunikation und Abstimmung mit Schulen \u00fcbernehmen, Aufforstungsprojekte mit F\u00f6rster*innen koordinieren, Projekte praktisch umsetzen<\/p>\n<\/div><\/div>\n<\/div><\/div>\n\n\n\n<details id=\"wpcast-accordion\" class=\"wp-block-details wpcast-accordion has-white-color has-text-color has-background has-link-color has-medium-font-size wp-elements-b048ba960b78041ace160d446b646a2e is-layout-flow wp-block-details-is-layout-flow\" style=\"background-color:#228597;font-style:normal;font-weight:400;text-transform:none\"><summary>KAPITELMARKEN<\/summary>\n<p>00:00 \u2013 Intro<\/p>\n\n\n\n<p>00:49 \u2013 Vorstellung unserer G\u00e4stin Larissa<\/p>\n\n\n\n<p>01:10 \u2013 Die Arboretum Foundation<\/p>\n\n\n\n<p>12:13 \u2013 Das Besondere an Larissas Arbeit<\/p>\n\n\n\n<p>18:17 \u2013 Gemeinn\u00fctzige Arbeit<\/p>\n\n\n\n<p>20:03 \u2013 Der Bachelor Umweltwissenschaften<\/p>\n\n\n\n<p>26:20 \u2013 Larissas Bachelorarbeit<\/p>\n\n\n\n<p>28:51 \u2013 Klimaangst, W\u00fcnsche und Pl\u00e4ne f\u00fcr die Zukunft<\/p>\n<\/details>\n\n\n\n<h3 class=\"wp-block-heading\">Links zur Folge<\/h3>\n\n\n\n<ul class=\"wp-block-list\">\n<li class=\"has-medium-font-size\" style=\"font-style:normal;font-weight:300\">LinkedIn Profil: <a href=\"https:\/\/www.linkedin.com\/in\/larissa-weber-607059258\/\" type=\"link\" id=\"https:\/\/www.linkedin.com\/in\/larissa-weber-607059258\/\">LinkedIn<\/a><\/li>\n\n\n\n<li class=\"has-medium-font-size\" style=\"font-style:normal;font-weight:300\">Arbeitgeber: <a href=\"https:\/\/www.arboretumfoundation.de\" type=\"link\" id=\"https:\/\/www.arboretumfoundation.de\">Arboretum Foundation<\/a> <\/li>\n\n\n\n<li class=\"has-medium-font-size\" style=\"font-style:normal;font-weight:300\">Hochschule: <a href=\"https:\/\/www.leuphana.de\" type=\"link\" id=\"https:\/\/www.leuphana.de\">Leuphana Universit\u00e4t L\u00fcneburg<\/a><\/li>\n<\/ul>\n\n\n\n<div style=\"height:40px\" aria-hidden=\"true\" class=\"wp-block-spacer\"><\/div>\n","protected":false},"excerpt":{"rendered":"<p>In dieser Folge sprechen wir mit Larissa Weber dar\u00fcber, wie sie zu ihrem heutigen Job als Umweltwissenschaftlerin bei der Arboretum Foundation gekommen ist &#8211; einer gemeinn\u00fctzigen Organisation, die sich der Aufforstung und dem Schutz des Waldes verschrieben hat. Ausf\u00fchrlich berichtet sie von ihrem beruflichen Projekt \u00bbDeutschlands Schulen forsten auf\u00ab, in [&#8230;]<\/p>\n","protected":false},"author":14,"featured_media":7859,"comment_status":"open","ping_status":"open","sticky":false,"template":"","format":"audio","meta":{"footnotes":""},"categories":[10,11,71],"tags":[12,14,17,27,60,61,62],"qtserie":[9],"class_list":["post-13248","post","type-post","status-publish","format-audio","has-post-thumbnail","hentry","category-podcast","category-interview","category-studium-und-dann-episoden","tag-studium","tag-alumni-stories","tag-alumni","tag-leuphana","tag-umweltwissenschaften","tag-nachhaltigkeit","tag-gemeinnuetzig","post_format-post-format-audio","qtserie-studium-und-dann-episoden"],"yoast_head":"<!-- This site is optimized with the Yoast SEO plugin v27.5 - https:\/\/yoast.com\/product\/yoast-seo-wordpress\/ -->\n<title>Gro\u00df und klein f\u00fcr Nachhaltigkeit begeistern: Larissa Weber \u00fcber ihre Arbeit als Umweltwissenschaftlerin bei der Arboretum Foundation - STUDIUM &amp; DANN?<\/title>\n<meta name=\"description\" content=\"In dieser Folge sprechen wir mit Larissa Weber dar\u00fcber, wie sie zu ihrem heutigen Job als Umweltwissenschaftlerin bei der Arboretum Foundation gekommen\" \/>\n<meta name=\"robots\" content=\"index, follow, max-snippet:-1, max-image-preview:large, max-video-preview:-1\" \/>\n<link rel=\"canonical\" href=\"https:\/\/studium-und-dann.com\/?p=13248\" \/>\n<meta property=\"og:locale\" content=\"de_DE\" \/>\n<meta property=\"og:type\" content=\"article\" \/>\n<meta property=\"og:title\" content=\"Gro\u00df und klein f\u00fcr Nachhaltigkeit begeistern: Larissa Weber \u00fcber ihre Arbeit als Umweltwissenschaftlerin bei der Arboretum Foundation - STUDIUM &amp; DANN?\" \/>\n<meta property=\"og:description\" content=\"In dieser Folge sprechen wir mit Larissa Weber dar\u00fcber, wie sie zu ihrem heutigen Job als Umweltwissenschaftlerin bei der Arboretum Foundation gekommen\" \/>\n<meta property=\"og:url\" content=\"https:\/\/studium-und-dann.com\/?p=13248\" \/>\n<meta property=\"og:site_name\" content=\"STUDIUM &amp; DANN?\" \/>\n<meta property=\"article:published_time\" content=\"2026-03-16T08:55:16+00:00\" \/>\n<meta property=\"article:modified_time\" content=\"2026-03-18T17:08:40+00:00\" \/>\n<meta property=\"og:image\" content=\"https:\/\/studium-und-dann.com\/wp-content\/uploads\/2025\/12\/5.jpg\" \/>\n\t<meta property=\"og:image:width\" content=\"1660\" \/>\n\t<meta property=\"og:image:height\" content=\"790\" \/>\n\t<meta property=\"og:image:type\" content=\"image\/jpeg\" \/>\n<meta name=\"author\" content=\"Redaktion\" \/>\n<meta name=\"twitter:card\" content=\"summary_large_image\" \/>\n<meta name=\"twitter:label1\" content=\"Verfasst von\" \/>\n\t<meta name=\"twitter:data1\" content=\"Redaktion\" \/>\n\t<meta name=\"twitter:label2\" content=\"Gesch\u00e4tzte Lesezeit\" \/>\n\t<meta name=\"twitter:data2\" content=\"3\u00a0Minuten\" \/>\n<script type=\"application\/ld+json\" class=\"yoast-schema-graph\">{\"@context\":\"https:\\\/\\\/schema.org\",\"@graph\":[{\"@type\":\"Article\",\"@id\":\"https:\\\/\\\/studium-und-dann.com\\\/?p=13248#article\",\"isPartOf\":{\"@id\":\"https:\\\/\\\/studium-und-dann.com\\\/?p=13248\"},\"author\":{\"name\":\"Redaktion\",\"@id\":\"https:\\\/\\\/studium-und-dann.com\\\/#\\\/schema\\\/person\\\/57cb1d54b83a9eaa911ee179ad3e94e0\"},\"headline\":\"Gro\u00df und klein f\u00fcr Nachhaltigkeit begeistern: Larissa Weber \u00fcber ihre Arbeit als Umweltwissenschaftlerin bei der Arboretum Foundation\",\"datePublished\":\"2026-03-16T08:55:16+00:00\",\"dateModified\":\"2026-03-18T17:08:40+00:00\",\"mainEntityOfPage\":{\"@id\":\"https:\\\/\\\/studium-und-dann.com\\\/?p=13248\"},\"wordCount\":276,\"commentCount\":0,\"image\":{\"@id\":\"https:\\\/\\\/studium-und-dann.com\\\/?p=13248#primaryimage\"},\"thumbnailUrl\":\"https:\\\/\\\/studium-und-dann.com\\\/wp-content\\\/uploads\\\/2025\\\/12\\\/5.jpg\",\"keywords\":[\"Studium\",\"Alumni-Stories\",\"Alumni\",\"Leuphana Universit\u00e4t L\u00fcneburg\",\"Umweltwissenschaften\",\"Nachhaltigkeit\",\"gemeinn\u00fctzig\"],\"articleSection\":[\"Podcast\",\"Interview\",\"Studium und dann?\"],\"inLanguage\":\"de\",\"potentialAction\":[{\"@type\":\"CommentAction\",\"name\":\"Comment\",\"target\":[\"https:\\\/\\\/studium-und-dann.com\\\/?p=13248#respond\"]}]},{\"@type\":\"WebPage\",\"@id\":\"https:\\\/\\\/studium-und-dann.com\\\/?p=13248\",\"url\":\"https:\\\/\\\/studium-und-dann.com\\\/?p=13248\",\"name\":\"Gro\u00df und klein f\u00fcr Nachhaltigkeit begeistern: Larissa Weber \u00fcber ihre Arbeit als Umweltwissenschaftlerin bei der Arboretum Foundation - STUDIUM &amp; DANN?\",\"isPartOf\":{\"@id\":\"https:\\\/\\\/studium-und-dann.com\\\/#website\"},\"primaryImageOfPage\":{\"@id\":\"https:\\\/\\\/studium-und-dann.com\\\/?p=13248#primaryimage\"},\"image\":{\"@id\":\"https:\\\/\\\/studium-und-dann.com\\\/?p=13248#primaryimage\"},\"thumbnailUrl\":\"https:\\\/\\\/studium-und-dann.com\\\/wp-content\\\/uploads\\\/2025\\\/12\\\/5.jpg\",\"datePublished\":\"2026-03-16T08:55:16+00:00\",\"dateModified\":\"2026-03-18T17:08:40+00:00\",\"author\":{\"@id\":\"https:\\\/\\\/studium-und-dann.com\\\/#\\\/schema\\\/person\\\/57cb1d54b83a9eaa911ee179ad3e94e0\"},\"description\":\"In dieser Folge sprechen wir mit Larissa Weber dar\u00fcber, wie sie zu ihrem heutigen Job als Umweltwissenschaftlerin bei der Arboretum Foundation gekommen\",\"breadcrumb\":{\"@id\":\"https:\\\/\\\/studium-und-dann.com\\\/?p=13248#breadcrumb\"},\"inLanguage\":\"de\",\"potentialAction\":[{\"@type\":\"ReadAction\",\"target\":[\"https:\\\/\\\/studium-und-dann.com\\\/?p=13248\"]}]},{\"@type\":\"ImageObject\",\"inLanguage\":\"de\",\"@id\":\"https:\\\/\\\/studium-und-dann.com\\\/?p=13248#primaryimage\",\"url\":\"https:\\\/\\\/studium-und-dann.com\\\/wp-content\\\/uploads\\\/2025\\\/12\\\/5.jpg\",\"contentUrl\":\"https:\\\/\\\/studium-und-dann.com\\\/wp-content\\\/uploads\\\/2025\\\/12\\\/5.jpg\",\"width\":1660,\"height\":790},{\"@type\":\"BreadcrumbList\",\"@id\":\"https:\\\/\\\/studium-und-dann.com\\\/?p=13248#breadcrumb\",\"itemListElement\":[{\"@type\":\"ListItem\",\"position\":1,\"name\":\"Start\",\"item\":\"https:\\\/\\\/studium-und-dann.com\\\/\"},{\"@type\":\"ListItem\",\"position\":2,\"name\":\"Gro\u00df und klein f\u00fcr Nachhaltigkeit begeistern: Larissa Weber \u00fcber ihre Arbeit als Umweltwissenschaftlerin bei der Arboretum Foundation\"}]},{\"@type\":\"WebSite\",\"@id\":\"https:\\\/\\\/studium-und-dann.com\\\/#website\",\"url\":\"https:\\\/\\\/studium-und-dann.com\\\/\",\"name\":\"STUDIUM &amp; DANN?\",\"description\":\"Podcasts zur Berufsorientierung\",\"potentialAction\":[{\"@type\":\"SearchAction\",\"target\":{\"@type\":\"EntryPoint\",\"urlTemplate\":\"https:\\\/\\\/studium-und-dann.com\\\/?s={search_term_string}\"},\"query-input\":{\"@type\":\"PropertyValueSpecification\",\"valueRequired\":true,\"valueName\":\"search_term_string\"}}],\"inLanguage\":\"de\"},{\"@type\":\"Person\",\"@id\":\"https:\\\/\\\/studium-und-dann.com\\\/#\\\/schema\\\/person\\\/57cb1d54b83a9eaa911ee179ad3e94e0\",\"name\":\"Redaktion\",\"image\":{\"@type\":\"ImageObject\",\"inLanguage\":\"de\",\"@id\":\"https:\\\/\\\/secure.gravatar.com\\\/avatar\\\/9ccdda8ef6c28d261afb123641b99cda65da86e67743701d7b19eb726a593b35?s=96&d=mm&r=g\",\"url\":\"https:\\\/\\\/secure.gravatar.com\\\/avatar\\\/9ccdda8ef6c28d261afb123641b99cda65da86e67743701d7b19eb726a593b35?s=96&d=mm&r=g\",\"contentUrl\":\"https:\\\/\\\/secure.gravatar.com\\\/avatar\\\/9ccdda8ef6c28d261afb123641b99cda65da86e67743701d7b19eb726a593b35?s=96&d=mm&r=g\",\"caption\":\"Redaktion\"},\"description\":\"F\u00fcr dieses Profil schreiben unterschiedliche Mitarbeiter*innen von \\\"Studium &amp; dann?\\\", immer mit Begeisterung f\u00fcr Podcasting, spannende Geschichten und den Austausch mit unseren H\u00f6rer*innen.\",\"url\":\"https:\\\/\\\/studium-und-dann.com\\\/?author=14\"}]}<\/script>\n<!-- \/ Yoast SEO plugin. -->","yoast_head_json":{"title":"Gro\u00df und klein f\u00fcr Nachhaltigkeit begeistern: Larissa Weber \u00fcber ihre Arbeit als Umweltwissenschaftlerin bei der Arboretum Foundation - STUDIUM &amp; DANN?","description":"In dieser Folge sprechen wir mit Larissa Weber dar\u00fcber, wie sie zu ihrem heutigen Job als Umweltwissenschaftlerin bei der Arboretum Foundation gekommen","robots":{"index":"index","follow":"follow","max-snippet":"max-snippet:-1","max-image-preview":"max-image-preview:large","max-video-preview":"max-video-preview:-1"},"canonical":"https:\/\/studium-und-dann.com\/?p=13248","og_locale":"de_DE","og_type":"article","og_title":"Gro\u00df und klein f\u00fcr Nachhaltigkeit begeistern: Larissa Weber \u00fcber ihre Arbeit als Umweltwissenschaftlerin bei der Arboretum Foundation - STUDIUM &amp; DANN?","og_description":"In dieser Folge sprechen wir mit Larissa Weber dar\u00fcber, wie sie zu ihrem heutigen Job als Umweltwissenschaftlerin bei der Arboretum Foundation gekommen","og_url":"https:\/\/studium-und-dann.com\/?p=13248","og_site_name":"STUDIUM &amp; DANN?","article_published_time":"2026-03-16T08:55:16+00:00","article_modified_time":"2026-03-18T17:08:40+00:00","og_image":[{"width":1660,"height":790,"url":"https:\/\/studium-und-dann.com\/wp-content\/uploads\/2025\/12\/5.jpg","type":"image\/jpeg"}],"author":"Redaktion","twitter_card":"summary_large_image","twitter_misc":{"Verfasst von":"Redaktion","Gesch\u00e4tzte Lesezeit":"3\u00a0Minuten"},"schema":{"@context":"https:\/\/schema.org","@graph":[{"@type":"Article","@id":"https:\/\/studium-und-dann.com\/?p=13248#article","isPartOf":{"@id":"https:\/\/studium-und-dann.com\/?p=13248"},"author":{"name":"Redaktion","@id":"https:\/\/studium-und-dann.com\/#\/schema\/person\/57cb1d54b83a9eaa911ee179ad3e94e0"},"headline":"Gro\u00df und klein f\u00fcr Nachhaltigkeit begeistern: Larissa Weber \u00fcber ihre Arbeit als Umweltwissenschaftlerin bei der Arboretum Foundation","datePublished":"2026-03-16T08:55:16+00:00","dateModified":"2026-03-18T17:08:40+00:00","mainEntityOfPage":{"@id":"https:\/\/studium-und-dann.com\/?p=13248"},"wordCount":276,"commentCount":0,"image":{"@id":"https:\/\/studium-und-dann.com\/?p=13248#primaryimage"},"thumbnailUrl":"https:\/\/studium-und-dann.com\/wp-content\/uploads\/2025\/12\/5.jpg","keywords":["Studium","Alumni-Stories","Alumni","Leuphana Universit\u00e4t L\u00fcneburg","Umweltwissenschaften","Nachhaltigkeit","gemeinn\u00fctzig"],"articleSection":["Podcast","Interview","Studium und dann?"],"inLanguage":"de","potentialAction":[{"@type":"CommentAction","name":"Comment","target":["https:\/\/studium-und-dann.com\/?p=13248#respond"]}]},{"@type":"WebPage","@id":"https:\/\/studium-und-dann.com\/?p=13248","url":"https:\/\/studium-und-dann.com\/?p=13248","name":"Gro\u00df und klein f\u00fcr Nachhaltigkeit begeistern: Larissa Weber \u00fcber ihre Arbeit als Umweltwissenschaftlerin bei der Arboretum Foundation - STUDIUM &amp; DANN?","isPartOf":{"@id":"https:\/\/studium-und-dann.com\/#website"},"primaryImageOfPage":{"@id":"https:\/\/studium-und-dann.com\/?p=13248#primaryimage"},"image":{"@id":"https:\/\/studium-und-dann.com\/?p=13248#primaryimage"},"thumbnailUrl":"https:\/\/studium-und-dann.com\/wp-content\/uploads\/2025\/12\/5.jpg","datePublished":"2026-03-16T08:55:16+00:00","dateModified":"2026-03-18T17:08:40+00:00","author":{"@id":"https:\/\/studium-und-dann.com\/#\/schema\/person\/57cb1d54b83a9eaa911ee179ad3e94e0"},"description":"In dieser Folge sprechen wir mit Larissa Weber dar\u00fcber, wie sie zu ihrem heutigen Job als Umweltwissenschaftlerin bei der Arboretum Foundation gekommen","breadcrumb":{"@id":"https:\/\/studium-und-dann.com\/?p=13248#breadcrumb"},"inLanguage":"de","potentialAction":[{"@type":"ReadAction","target":["https:\/\/studium-und-dann.com\/?p=13248"]}]},{"@type":"ImageObject","inLanguage":"de","@id":"https:\/\/studium-und-dann.com\/?p=13248#primaryimage","url":"https:\/\/studium-und-dann.com\/wp-content\/uploads\/2025\/12\/5.jpg","contentUrl":"https:\/\/studium-und-dann.com\/wp-content\/uploads\/2025\/12\/5.jpg","width":1660,"height":790},{"@type":"BreadcrumbList","@id":"https:\/\/studium-und-dann.com\/?p=13248#breadcrumb","itemListElement":[{"@type":"ListItem","position":1,"name":"Start","item":"https:\/\/studium-und-dann.com\/"},{"@type":"ListItem","position":2,"name":"Gro\u00df und klein f\u00fcr Nachhaltigkeit begeistern: Larissa Weber \u00fcber ihre Arbeit als Umweltwissenschaftlerin bei der Arboretum Foundation"}]},{"@type":"WebSite","@id":"https:\/\/studium-und-dann.com\/#website","url":"https:\/\/studium-und-dann.com\/","name":"STUDIUM &amp; DANN?","description":"Podcasts zur Berufsorientierung","potentialAction":[{"@type":"SearchAction","target":{"@type":"EntryPoint","urlTemplate":"https:\/\/studium-und-dann.com\/?s={search_term_string}"},"query-input":{"@type":"PropertyValueSpecification","valueRequired":true,"valueName":"search_term_string"}}],"inLanguage":"de"},{"@type":"Person","@id":"https:\/\/studium-und-dann.com\/#\/schema\/person\/57cb1d54b83a9eaa911ee179ad3e94e0","name":"Redaktion","image":{"@type":"ImageObject","inLanguage":"de","@id":"https:\/\/secure.gravatar.com\/avatar\/9ccdda8ef6c28d261afb123641b99cda65da86e67743701d7b19eb726a593b35?s=96&d=mm&r=g","url":"https:\/\/secure.gravatar.com\/avatar\/9ccdda8ef6c28d261afb123641b99cda65da86e67743701d7b19eb726a593b35?s=96&d=mm&r=g","contentUrl":"https:\/\/secure.gravatar.com\/avatar\/9ccdda8ef6c28d261afb123641b99cda65da86e67743701d7b19eb726a593b35?s=96&d=mm&r=g","caption":"Redaktion"},"description":"F\u00fcr dieses Profil schreiben unterschiedliche Mitarbeiter*innen von \"Studium &amp; dann?\", immer mit Begeisterung f\u00fcr Podcasting, spannende Geschichten und den Austausch mit unseren H\u00f6rer*innen.","url":"https:\/\/studium-und-dann.com\/?author=14"}]}},"_links":{"self":[{"href":"https:\/\/studium-und-dann.com\/index.php?rest_route=\/wp\/v2\/posts\/13248","targetHints":{"allow":["GET"]}}],"collection":[{"href":"https:\/\/studium-und-dann.com\/index.php?rest_route=\/wp\/v2\/posts"}],"about":[{"href":"https:\/\/studium-und-dann.com\/index.php?rest_route=\/wp\/v2\/types\/post"}],"author":[{"embeddable":true,"href":"https:\/\/studium-und-dann.com\/index.php?rest_route=\/wp\/v2\/users\/14"}],"replies":[{"embeddable":true,"href":"https:\/\/studium-und-dann.com\/index.php?rest_route=%2Fwp%2Fv2%2Fcomments&post=13248"}],"version-history":[{"count":6,"href":"https:\/\/studium-und-dann.com\/index.php?rest_route=\/wp\/v2\/posts\/13248\/revisions"}],"predecessor-version":[{"id":16574,"href":"https:\/\/studium-und-dann.com\/index.php?rest_route=\/wp\/v2\/posts\/13248\/revisions\/16574"}],"wp:featuredmedia":[{"embeddable":true,"href":"https:\/\/studium-und-dann.com\/index.php?rest_route=\/wp\/v2\/media\/7859"}],"wp:attachment":[{"href":"https:\/\/studium-und-dann.com\/index.php?rest_route=%2Fwp%2Fv2%2Fmedia&parent=13248"}],"wp:term":[{"taxonomy":"category","embeddable":true,"href":"https:\/\/studium-und-dann.com\/index.php?rest_route=%2Fwp%2Fv2%2Fcategories&post=13248"},{"taxonomy":"post_tag","embeddable":true,"href":"https:\/\/studium-und-dann.com\/index.php?rest_route=%2Fwp%2Fv2%2Ftags&post=13248"},{"taxonomy":"qtserie","embeddable":true,"href":"https:\/\/studium-und-dann.com\/index.php?rest_route=%2Fwp%2Fv2%2Fqtserie&post=13248"}],"curies":[{"name":"wp","href":"https:\/\/api.w.org\/{rel}","templated":true}]}}